{"id":2087,"date":"2022-07-05T14:09:49","date_gmt":"2022-07-05T12:09:49","guid":{"rendered":"http:\/\/emrwine.eu\/?post_type=news-article&#038;p=2087"},"modified":"2023-08-28T11:24:43","modified_gmt":"2023-08-28T09:24:43","slug":"venez-a-levenement-emr-wine-knowledge-dans-le-sud-du-limbourg-nl","status":"publish","type":"news-article","link":"https:\/\/emrwine.eu\/fr\/news-article\/venez-a-levenement-emr-wine-knowledge-dans-le-sud-du-limbourg-nl\/","title":{"rendered":"Venez \u00e0 l&#8217;\u00e9v\u00e9nement EMR Wine &#8211; Knowledge dans le sud du Limbourg (NL)"},"content":{"rendered":"<p><strong>Invitation &#8211; lundi 11 juillet 2022<\/strong><\/p>\n<p>Cher.e amateur.rice de vin, cet \u00e9v\u00e9nement est pour vous !<\/p>\n<p>Nous vous invitons \u00e0 l\u2019\u00e9v\u00e9nement de pr\u00e9sentation de la viticulture de demain.<br \/>\nL\u2019objectif de l\u2019\u00e9v\u00e9nement est de vous pr\u00e9senter le projet EMRwine et d\u2019\u00e9changer sur les possibilit\u00e9s de d\u00e9veloppement de la vitiviniculture eur\u00e9gionale !<\/p>\n<p>Au cours de cet \u00e9v\u00e9nement eur\u00e9gional, nous apprendrons \u00e0 mieux nous conna\u00eetre<br \/>\ndans le cadre du projet Interreg EMRwine, consultez le site <a href=\"http:\/\/yuvertallo.nl\/wine\/fr\/\" target=\"_blank\" rel=\"noopener\">www.emrwine.eu<\/a>. Il s\u2019agira \u00e9galement de voir les avanc\u00e9es r\u00e9alis\u00e9es par la communaut\u00e9 EMRwine et depr\u00e9parer les prochaines actions, comme la plateforme d\u2019apprentissage tout au longde la vie.<\/p>\n<h2>Votre programme<\/h2>\n<p><strong>18h00<\/strong> &#8211; Accueil<\/p>\n<p><strong>18h30<\/strong> &#8211; Pr\u00e9sentation du projet EMRwine et de son \u00e9quipe<\/p>\n<p><strong>18h50<\/strong> &#8211; Rencontre avec l&#8217;\u00e9quipe de Wijngaard St. Martinus<\/p>\n<p><strong>19h00<\/strong> &#8211; S\u00e9ance de d\u00e9gustation au vignoble sous la direction de Stan Beurskens<\/p>\n<p><strong>A partir de 19h30<\/strong> &#8211; D\u00e9but des rencontres de connaissances :<\/p>\n<p>1) Vignoble<br \/>\n2) Vinification<br \/>\n3) Introduction au th\u00e8me des produits r\u00e9gionaux &#8211; Produits r\u00e9gionaux du Limbourg et le syst\u00e8me<br \/>\nalimentaire r\u00e9gional du South-Limburg<br \/>\n4) Introduction au th\u00e8me des loisirs par Visit South-Limburg &#8211; OEnotourisme<\/p>\n<p><strong>20h30<\/strong> &#8211; D\u00e9voilement de la Winestreet :<br \/>\nL&#8217;histoire &#8220;du raisin au vin&#8221; pour le citoyen.<\/p>\n<p>L&#8217;adresse du jour :<\/p>\n<p><a href=\"https:\/\/www.google.com\/maps\/place\/Wijndomein+St.+Martinus+(algemeen)\/@50.7886573,5.9502509,17z\/data=!3m1!4b1!4m5!3m4!1s0x47c096c630803ebd:0x974ddb9035382925!8m2!3d50.7886573!4d5.9502509\" target=\"_blank\" rel=\"noopener\"><em>Wijngaard Sint Martinus, Rott 21a, 6294 NL Vijlen<\/em><\/a><\/p>\n<p>La participation est gratuite mais l\u2019inscription pr\u00e9liminaire est indispensable (le nombre de places est limit\u00e9).<\/p>\n<h4><a style=\"text-decoration: underline;\" href=\"https:\/\/docs.google.com\/forms\/d\/e\/1FAIpQLSeez_SG-7YtaDF07uVZj0p4PBwehJUcA4g3Uy3WWjC5WIu7Wg\/viewform\" target=\"_blank\" rel=\"noopener\">Je m&#8217;inscris ici<\/a><\/h4>\n","protected":false},"author":108,"featured_media":2086,"template":"","class_list":["post-2087","news-article","type-news-article","status-publish","has-post-thumbnail","hentry"],"_links":{"self":[{"href":"https:\/\/emrwine.eu\/fr\/wp-json\/wp\/v2\/news-article\/2087","targetHints":{"allow":["GET"]}}],"collection":[{"href":"https:\/\/emrwine.eu\/fr\/wp-json\/wp\/v2\/news-article"}],"about":[{"href":"https:\/\/emrwine.eu\/fr\/wp-json\/wp\/v2\/types\/news-article"}],"author":[{"embeddable":true,"href":"https:\/\/emrwine.eu\/fr\/wp-json\/wp\/v2\/users\/108"}],"wp:featuredmedia":[{"embeddable":true,"href":"https:\/\/emrwine.eu\/fr\/wp-json\/wp\/v2\/media\/2086"}],"wp:attachment":[{"href":"https:\/\/emrwine.eu\/fr\/wp-json\/wp\/v2\/media?parent=2087"}],"curies":[{"name":"wp","href":"https:\/\/api.w.org\/{rel}","templated":true}]}}