{"id":2248,"date":"2023-06-21T12:00:35","date_gmt":"2023-06-21T10:00:35","guid":{"rendered":"http:\/\/emrwine.eu\/?post_type=news-article&#038;p=2248"},"modified":"2023-08-31T10:55:19","modified_gmt":"2023-08-31T08:55:19","slug":"zoom-sur-vignoble-de-ranker","status":"publish","type":"news-article","link":"https:\/\/emrwine.eu\/fr\/news-article\/zoom-sur-vignoble-de-ranker\/","title":{"rendered":"Zoom sur vignoble De Ranker"},"content":{"rendered":"<p><span data-contrast=\"none\">Anna et son mari Kurt ont plant\u00e9 800 pieds de vigne en 2016 dans le but de produire leur propre vin. Le couple produit \u00e9galement du cidre et des jus de pomme. En 2021, Anna a finalis\u00e9 sa formation et est d\u00e9sormais viticultrice \u00e0 temps plein, son mari g\u00e9rant plut\u00f4t le verger. Quelque 1600 pieds ont \u00e9galement \u00e9t\u00e9 plant\u00e9s la m\u00eame ann\u00e9e. Deux vins blancs et un ros\u00e9 ont \u00e9t\u00e9 r\u00e9alis\u00e9s avec la r\u00e9colte 2020.<\/span><span data-ccp-props=\"{&quot;335551550&quot;:6,&quot;335551620&quot;:6,&quot;335559737&quot;:-290,&quot;469777462&quot;:[7371],&quot;469777927&quot;:[0],&quot;469777928&quot;:[1]}\">\u00a0<\/span><\/p>\n<p><i><span data-contrast=\"none\">\u00ab\u202fNous avons d\u00e9cid\u00e9 de planter ces vari\u00e9t\u00e9s, explique Anna, car elles sont moins sensibles aux maladies fongiques. En cultivant ces c\u00e9pages, nous devons utiliser moins de produits phytosanitaires et nous pouvons faire un vin plus respectueux de l&#8217;environnement. Il est tr\u00e8s important pour nous que la viticulture se fasse avec passion, vision et connaissance, dans le respect des hommes et de la nature.\u202f\u00bb<\/span><\/i><span data-ccp-props=\"{&quot;335551550&quot;:6,&quot;335551620&quot;:6,&quot;335559737&quot;:-290,&quot;469777462&quot;:[7371],&quot;469777927&quot;:[0],&quot;469777928&quot;:[1]}\">\u00a0<\/span><\/p>\n<p><strong>Les Faits:<\/strong><\/p>\n<ul>\n<li>Superficie: 0,5ha<\/li>\n<li>Vari\u00e9t\u00e9s: Souvignier Gris B, Johanniter B, Solaris B, Cabernet Cantor N et Cabernet Cortis N<span data-ccp-props=\"{&quot;335551550&quot;:6,&quot;335551620&quot;:6,&quot;335559737&quot;:-290,&quot;469777462&quot;:[7371],&quot;469777927&quot;:[0],&quot;469777928&quot;:[1]}\">\u00a0<\/span><\/li>\n<li>Production: 1500 <span class=\"NormalTextRun SCXW101243020 BCX9\">bouteilles<\/span><span class=\"NormalTextRun SCXW101243020 BCX9\"> (bient\u00f4t en production compl\u00e8te)<\/span><\/li>\n<\/ul>\n<p><b><span class=\"TextRun SCXW122297865 BCX9\" lang=\"FR-FR\" xml:lang=\"FR-FR\" data-contrast=\"none\"><span class=\"NormalTextRun SCXW122297865 BCX9\">Coordonn\u00e9es:<\/span><\/span><\/b><\/p>\n<p><span data-contrast=\"none\">Annamarie Umbria\u00a0<\/span><span data-ccp-props=\"{&quot;335551550&quot;:6,&quot;335551620&quot;:6,&quot;335559737&quot;:-290,&quot;469777462&quot;:[7371],&quot;469777927&quot;:[0],&quot;469777928&quot;:[1]}\">\u00a0<\/span><\/p>\n<p><span data-contrast=\"none\">Tel. 0499 28 08 57<\/span><span data-ccp-props=\"{&quot;335551550&quot;:6,&quot;335551620&quot;:6,&quot;335559737&quot;:-290,&quot;469777462&quot;:[7371],&quot;469777927&quot;:[0],&quot;469777928&quot;:[1]}\">\u00a0<\/span><\/p>\n<p><span data-contrast=\"none\">Kurt Meers<\/span><span data-ccp-props=\"{&quot;335551550&quot;:6,&quot;335551620&quot;:6,&quot;335559737&quot;:-290,&quot;469777462&quot;:[7371],&quot;469777927&quot;:[0],&quot;469777928&quot;:[1]}\">\u00a0<\/span><\/p>\n<p><span data-contrast=\"none\">Tel. 0474 67 56 96<\/span><span data-ccp-props=\"{&quot;335551550&quot;:6,&quot;335551620&quot;:6,&quot;335559737&quot;:-290,&quot;469777462&quot;:[7371],&quot;469777927&quot;:[0],&quot;469777928&quot;:[1]}\">\u00a0<\/span><\/p>\n<p><span data-contrast=\"none\">Trulstraat 18<\/span><span data-ccp-props=\"{&quot;335551550&quot;:6,&quot;335551620&quot;:6,&quot;335559737&quot;:-290,&quot;469777462&quot;:[7371],&quot;469777927&quot;:[0],&quot;469777928&quot;:[1]}\">\u00a0<\/span><\/p>\n<p><span data-contrast=\"none\">3730 Hoeselt<\/span><span data-ccp-props=\"{&quot;335551550&quot;:6,&quot;335551620&quot;:6,&quot;335559737&quot;:-290,&quot;469777462&quot;:[7371],&quot;469777927&quot;:[0],&quot;469777928&quot;:[1]}\">\u00a0<\/span><\/p>\n<p><span data-contrast=\"none\"><a href=\"mailto:wijngaard@deranker.be\" target=\"_blank\" rel=\"noopener\">wijngaard@deranker.be<\/a>\u00a0<\/span><\/p>\n<p><a href=\"http:\/\/www.deranker.be\" target=\"_blank\" rel=\"noopener\"><span data-contrast=\"none\">deranker.be<\/span><\/a><\/p>\n","protected":false},"author":108,"featured_media":2246,"template":"","class_list":["post-2248","news-article","type-news-article","status-publish","has-post-thumbnail","hentry"],"_links":{"self":[{"href":"https:\/\/emrwine.eu\/fr\/wp-json\/wp\/v2\/news-article\/2248","targetHints":{"allow":["GET"]}}],"collection":[{"href":"https:\/\/emrwine.eu\/fr\/wp-json\/wp\/v2\/news-article"}],"about":[{"href":"https:\/\/emrwine.eu\/fr\/wp-json\/wp\/v2\/types\/news-article"}],"author":[{"embeddable":true,"href":"https:\/\/emrwine.eu\/fr\/wp-json\/wp\/v2\/users\/108"}],"wp:featuredmedia":[{"embeddable":true,"href":"https:\/\/emrwine.eu\/fr\/wp-json\/wp\/v2\/media\/2246"}],"wp:attachment":[{"href":"https:\/\/emrwine.eu\/fr\/wp-json\/wp\/v2\/media?parent=2248"}],"curies":[{"name":"wp","href":"https:\/\/api.w.org\/{rel}","templated":true}]}}