{"id":2272,"date":"2023-09-19T16:02:20","date_gmt":"2023-09-19T14:02:20","guid":{"rendered":"http:\/\/emrwine.eu\/?post_type=news-article&#038;p=2272"},"modified":"2023-11-07T10:44:18","modified_gmt":"2023-11-07T09:44:18","slug":"zoom-sur-prologue","status":"publish","type":"news-article","link":"https:\/\/emrwine.eu\/fr\/news-article\/zoom-sur-prologue\/","title":{"rendered":"Zoom sur Prologue"},"content":{"rendered":"<p>Apr\u00e8s une premi\u00e8re parcelle de 1ha plant\u00e9e au printemps 2021 sur des terres appartenant \u00e0 Pol Hertog, quatre autres hectares ont \u00e9t\u00e9 plant\u00e9s en 2022, non loin de l\u00e0, mais toujours en Chardonnay. Le trio esp\u00e8re sortir ses premi\u00e8res bouteilles en 203-24 et pr\u00e9voit \u00e9galement la construction d\u2019un chai et d\u2019une salle de d\u00e9gustation.\u202fPour financer tout cela, Prologue a lanc\u00e9 le club Prolover qui permet d\u2019acheter prioritairement trois, six ou dix-huit bouteilles pendant huit ans selopn la hauteur de l\u2019adh\u00e9sion.<\/p>\n<p>Le vignoble accueille le panneau \u00ab\u202fDu raisin au vin\u202f\u00bb cr\u00e9alis\u00e9 par les partenaires d\u2019EMRWINE.<\/p>\n<p>&nbsp;<\/p>\n<p><strong>Les faites:<\/strong><\/p>\n<ul>\n<li>Superficie: 5ha<\/li>\n<li>Vari\u00e9t\u00e9s: Chardonnay B<\/li>\n<li>Production: premi\u00e8res bouteilles en 2024<\/li>\n<\/ul>\n<p><strong>Coordonn\u00e9es:<\/strong><\/p>\n<p>J\u00e9r\u00f4me et Pol Hartog,<\/p>\n<p>Marc-Antoine Wautelet<\/p>\n<p>rue de l&#8217;Eglise 62<\/p>\n<p>4557 Seny (Tinlot)<\/p>\n<p>T\u00e9l. 0 478 25 73 08<\/p>\n<p>prologue.vins@gmail.com.<\/p>\n<p>www.prologue-vins.be<\/p>\n","protected":false},"author":108,"featured_media":2270,"template":"","class_list":["post-2272","news-article","type-news-article","status-publish","has-post-thumbnail","hentry"],"_links":{"self":[{"href":"https:\/\/emrwine.eu\/fr\/wp-json\/wp\/v2\/news-article\/2272","targetHints":{"allow":["GET"]}}],"collection":[{"href":"https:\/\/emrwine.eu\/fr\/wp-json\/wp\/v2\/news-article"}],"about":[{"href":"https:\/\/emrwine.eu\/fr\/wp-json\/wp\/v2\/types\/news-article"}],"author":[{"embeddable":true,"href":"https:\/\/emrwine.eu\/fr\/wp-json\/wp\/v2\/users\/108"}],"wp:featuredmedia":[{"embeddable":true,"href":"https:\/\/emrwine.eu\/fr\/wp-json\/wp\/v2\/media\/2270"}],"wp:attachment":[{"href":"https:\/\/emrwine.eu\/fr\/wp-json\/wp\/v2\/media?parent=2272"}],"curies":[{"name":"wp","href":"https:\/\/api.w.org\/{rel}","templated":true}]}}