{"id":2278,"date":"2023-11-08T10:00:13","date_gmt":"2023-11-08T09:00:13","guid":{"rendered":"http:\/\/emrwine.eu\/?post_type=news-article&#038;p=2278"},"modified":"2023-11-07T09:58:01","modified_gmt":"2023-11-07T08:58:01","slug":"zoom-sur-vignoble-de-seraing-le-chateau","status":"publish","type":"news-article","link":"https:\/\/emrwine.eu\/fr\/news-article\/zoom-sur-vignoble-de-seraing-le-chateau\/","title":{"rendered":"Zoom sur vignoble de Seraing-le-Ch\u00e2teau"},"content":{"rendered":"<p>Co-vigneron au domaine Bois Marie Hautes Vignes depuis le d\u00e9but des ann\u00e9es 2000 , Alain Dirick est avant tout producteur de fruits (pomme de table, poire, pomme \u00e0 cidre, cerise). Par souci de diversification, il a plant\u00e9 en 218 des vignes dont il revend la r\u00e9colte.<\/p>\n<p>&nbsp;<\/p>\n<p><strong>Les faites:<\/strong><\/p>\n<ul>\n<li>Superficie: 2ha<\/li>\n<li>Vari\u00e9t\u00e9s: Chardonnay B, Johanniter B<\/li>\n<li>Production: uniquement vente des raisins<\/li>\n<\/ul>\n<p><strong>Coordonn\u00e9es:<\/strong><\/p>\n<p>Alain Dirick<\/p>\n<p>rue de Viemme<\/p>\n<p>4537 Seraing-le-Ch\u00e2teau<\/p>\n","protected":false},"author":108,"featured_media":2276,"template":"","class_list":["post-2278","news-article","type-news-article","status-publish","has-post-thumbnail","hentry"],"_links":{"self":[{"href":"https:\/\/emrwine.eu\/fr\/wp-json\/wp\/v2\/news-article\/2278","targetHints":{"allow":["GET"]}}],"collection":[{"href":"https:\/\/emrwine.eu\/fr\/wp-json\/wp\/v2\/news-article"}],"about":[{"href":"https:\/\/emrwine.eu\/fr\/wp-json\/wp\/v2\/types\/news-article"}],"author":[{"embeddable":true,"href":"https:\/\/emrwine.eu\/fr\/wp-json\/wp\/v2\/users\/108"}],"wp:featuredmedia":[{"embeddable":true,"href":"https:\/\/emrwine.eu\/fr\/wp-json\/wp\/v2\/media\/2276"}],"wp:attachment":[{"href":"https:\/\/emrwine.eu\/fr\/wp-json\/wp\/v2\/media?parent=2278"}],"curies":[{"name":"wp","href":"https:\/\/api.w.org\/{rel}","templated":true}]}}