{"id":2302,"date":"2023-11-13T10:00:36","date_gmt":"2023-11-13T09:00:36","guid":{"rendered":"http:\/\/emrwine.eu\/?post_type=news-article&#038;p=2302"},"modified":"2023-11-07T10:08:59","modified_gmt":"2023-11-07T09:08:59","slug":"zoom-sur-cooperative-vin-du-pays-de-herve","status":"publish","type":"news-article","link":"https:\/\/emrwine.eu\/fr\/news-article\/zoom-sur-cooperative-vin-du-pays-de-herve\/","title":{"rendered":"Zoom sur Coop\u00e9rative Vin du Pays de Herve"},"content":{"rendered":"<p>Cr\u00e9\u00e9e en 2017 \u00e0 Plombi\u00e8res,la coop\u00e9rative a \u00e9t\u00e9 financ\u00e9e gr\u00e2ce \u00e0 plusieurs campagnes de crowdfunding qui ont convaincu 600 coop\u00e9rateurs priv\u00e9s pour un budget de 800.000\u20ac. La coop\u00e9rative g\u00e8re sept parcelles plant\u00e9es en 2018-2019 avec les quatre c\u00e9pages r\u00e9sistants les plus populaires en Wallonie, mais aucune vari\u00e9t\u00e9 rouge. Bulles et vins blancs au programme. Le vignoble est contr\u00f4l\u00e9 par Quality Partner et est certifi\u00e9 bio depuis la r\u00e9colte 2022.<\/p>\n<p>&nbsp;<\/p>\n<p><strong>Les faites:<\/strong><\/p>\n<ul>\n<li>Superficie: 8ha<\/li>\n<li>Vari\u00e9t\u00e9s: Solaris B, Johanniter B, Muscaris B et Souvignier gris<\/li>\n<li>Production: 40.000 bouteilles<\/li>\n<\/ul>\n<p><strong><img fetchpriority=\"high\" decoding=\"async\" class=\"alignnone size-medium wp-image-1269\" src=\"http:\/\/yuvertallo.nl\/wine\/wp-content\/uploads\/2023\/07\/vin-pays-herve2-300x223.jpg\" alt=\"\" width=\"300\" height=\"223\" \/><\/strong><\/p>\n<p><strong>Coordonn\u00e9es:<\/strong><\/p>\n<p>rue de Teberg 50<\/p>\n<p>4850 Montzen<\/p>\n<p>T\u00e9l. 0472 49 37 09<\/p>\n<p><a href=\"mailto:michel.schoonbroodt@gmail.com\">michel.schoonbroodt@gmail.com<\/a><\/p>\n<p><a href=\"http:\/\/www.vindupaysdeherve.be\" target=\"_blank\" rel=\"noopener\">www.vindupaysdeherve.be<\/a><\/p>\n","protected":false},"author":108,"featured_media":2300,"template":"","class_list":["post-2302","news-article","type-news-article","status-publish","has-post-thumbnail","hentry"],"_links":{"self":[{"href":"https:\/\/emrwine.eu\/fr\/wp-json\/wp\/v2\/news-article\/2302","targetHints":{"allow":["GET"]}}],"collection":[{"href":"https:\/\/emrwine.eu\/fr\/wp-json\/wp\/v2\/news-article"}],"about":[{"href":"https:\/\/emrwine.eu\/fr\/wp-json\/wp\/v2\/types\/news-article"}],"author":[{"embeddable":true,"href":"https:\/\/emrwine.eu\/fr\/wp-json\/wp\/v2\/users\/108"}],"wp:featuredmedia":[{"embeddable":true,"href":"https:\/\/emrwine.eu\/fr\/wp-json\/wp\/v2\/media\/2300"}],"wp:attachment":[{"href":"https:\/\/emrwine.eu\/fr\/wp-json\/wp\/v2\/media?parent=2302"}],"curies":[{"name":"wp","href":"https:\/\/api.w.org\/{rel}","templated":true}]}}