{"id":2341,"date":"2023-09-26T10:02:52","date_gmt":"2023-09-26T08:02:52","guid":{"rendered":"http:\/\/emrwine.eu\/?post_type=news-article&#038;p=2341"},"modified":"2023-09-26T10:03:14","modified_gmt":"2023-09-26T08:03:14","slug":"zoom-sur-vignoble-des-templiers","status":"publish","type":"news-article","link":"https:\/\/emrwine.eu\/fr\/news-article\/zoom-sur-vignoble-des-templiers\/","title":{"rendered":"Zoom sur Vignoble des Templiers"},"content":{"rendered":"<p>Pour valoriser le ch\u00e2teau familial class\u00e9 de la Tour au Bois \u00e0 Villers-le-Temple, Christian Eymael et son \u00e9pouse Sonia Crohain ont plant\u00e9 pr\u00e8s de 10.000 pieds de vignes en 2021 sur des prairies voisines de la propri\u00e9t\u00e9 et entendent arriver rapidmeent \u00e0 7ha. Les premi\u00e8res bouteilles ne sortiront qu\u2019en 2024. Quelque 30.000 bouteilles de vins blancs et p\u00e9tillants sont esp\u00e9r\u00e9es.<\/p>\n<p><strong>Les faites:<\/strong><\/p>\n<ul>\n<li>Superficie: 4,4ha<\/li>\n<li>Vari\u00e9t\u00e9s: Johanniter B, Solaris B, Souvignier gris<\/li>\n<li>Production: pr\u00e9vue en 2024.<\/li>\n<\/ul>\n<p><strong><img fetchpriority=\"high\" decoding=\"async\" class=\"alignnone wp-image-1210\" src=\"http:\/\/yuvertallo.nl\/wine\/wp-content\/uploads\/2023\/07\/templiers-1-300x107.jpg\" alt=\"\" width=\"400\" height=\"142\" \/><\/strong><\/p>\n<p><strong>Coordonn\u00e9es:<\/strong><\/p>\n<p>Christian et Sonia Eymael<\/p>\n<p>rue Tour au Bois 1<\/p>\n<p>4550 Villers-le-Temple (Nandrin)<\/p>\n<p>T\u00e9l. 0495 90 45 36<\/p>\n<p><a href=\"mailto:christian.eymael@vignoble-des-templiers.be\">christian.eymael@vignoble-des-templiers.be<\/a><\/p>\n<p><a href=\"http:\/\/www.vignobledestempliers.be\" target=\"_blank\" rel=\"noopener\">www.vignobledestempliers.be<\/a><\/p>\n","protected":false},"author":108,"featured_media":2339,"template":"","class_list":["post-2341","news-article","type-news-article","status-publish","has-post-thumbnail","hentry"],"_links":{"self":[{"href":"https:\/\/emrwine.eu\/fr\/wp-json\/wp\/v2\/news-article\/2341","targetHints":{"allow":["GET"]}}],"collection":[{"href":"https:\/\/emrwine.eu\/fr\/wp-json\/wp\/v2\/news-article"}],"about":[{"href":"https:\/\/emrwine.eu\/fr\/wp-json\/wp\/v2\/types\/news-article"}],"author":[{"embeddable":true,"href":"https:\/\/emrwine.eu\/fr\/wp-json\/wp\/v2\/users\/108"}],"wp:featuredmedia":[{"embeddable":true,"href":"https:\/\/emrwine.eu\/fr\/wp-json\/wp\/v2\/media\/2339"}],"wp:attachment":[{"href":"https:\/\/emrwine.eu\/fr\/wp-json\/wp\/v2\/media?parent=2341"}],"curies":[{"name":"wp","href":"https:\/\/api.w.org\/{rel}","templated":true}]}}