{"id":2353,"date":"2023-07-12T15:17:48","date_gmt":"2023-07-12T13:17:48","guid":{"rendered":"http:\/\/emrwine.eu\/?post_type=news-article&#038;p=2353"},"modified":"2023-08-31T12:17:19","modified_gmt":"2023-08-31T10:17:19","slug":"zoom-sur-coteaux-de-lince","status":"publish","type":"news-article","link":"https:\/\/emrwine.eu\/fr\/news-article\/zoom-sur-coteaux-de-lince\/","title":{"rendered":"Zoom sur Coteaux de Linc\u00e9"},"content":{"rendered":"<p>Cultiv\u00e9 en bio, ce vignoble est n\u00e9 de l\u2019envie et de la curiosit\u00e9 de trois m\u00e9nages de Sprimont (un instituteur, le Premier \u00e9chevin et un couple de biologistes). Il compte un peu plus de 3000 pieds. Chaque ann\u00e9e, les habitants du village se rassemblent pour le vendanges. Tous travaillent dans la convivialit\u00e9 et la bonne humeur avant de se rassembler, le soir venu, autour d\u2019une longue table dress\u00e9e entre les vignes\u2026 pour les d\u00e9guster les vins blancs et rouges de Linc\u00e9.<\/p>\n<p>&nbsp;<\/p>\n<p><strong>Les faites:<\/strong><\/p>\n<ul>\n<li>Superficie: 1ha<\/li>\n<li>Vari\u00e9t\u00e9s: Solaris B, Johanniter B, Rondo N, Regent N<\/li>\n<li>Production: 1700 litres en blanc et rouge<\/li>\n<\/ul>\n<p><strong>Coordonn\u00e9es:<\/strong><\/p>\n<p>Jean-Marc Lewalle et Philippe Leerschool<\/p>\n<p>rue Robespierre 5b<\/p>\n<p>4140 Sprimont<\/p>\n<p>T\u00e9l. 0478 544 427<\/p>\n<p><a href=\"mailto:jm.lewalle@gmail.com\">jm.lewalle@gmail.com<\/a><\/p>\n<p><a href=\"mailto:phl@sephigroupe.be\">phl@sephigroupe.be<\/a><\/p>\n<p><a href=\"http:\/\/www.coteauxdelince.be\" target=\"_blank\" rel=\"noopener\">www.coteauxdelince.be<\/a><\/p>\n","protected":false},"author":108,"featured_media":2351,"template":"","class_list":["post-2353","news-article","type-news-article","status-publish","has-post-thumbnail","hentry"],"_links":{"self":[{"href":"https:\/\/emrwine.eu\/fr\/wp-json\/wp\/v2\/news-article\/2353","targetHints":{"allow":["GET"]}}],"collection":[{"href":"https:\/\/emrwine.eu\/fr\/wp-json\/wp\/v2\/news-article"}],"about":[{"href":"https:\/\/emrwine.eu\/fr\/wp-json\/wp\/v2\/types\/news-article"}],"author":[{"embeddable":true,"href":"https:\/\/emrwine.eu\/fr\/wp-json\/wp\/v2\/users\/108"}],"wp:featuredmedia":[{"embeddable":true,"href":"https:\/\/emrwine.eu\/fr\/wp-json\/wp\/v2\/media\/2351"}],"wp:attachment":[{"href":"https:\/\/emrwine.eu\/fr\/wp-json\/wp\/v2\/media?parent=2353"}],"curies":[{"name":"wp","href":"https:\/\/api.w.org\/{rel}","templated":true}]}}